{"id":5827,"date":"2019-11-20T11:38:45","date_gmt":"2019-11-20T10:38:45","guid":{"rendered":"https:\/\/www.cadirajo.it\/it\/?p=5827"},"modified":"2022-04-23T16:16:49","modified_gmt":"2022-04-23T14:16:49","slug":"ca-di-rajo-omaggia-le-star-degli-international-emmy-awards","status":"publish","type":"post","link":"https:\/\/www.cadirajo.it\/it\/ca-di-rajo-omaggia-le-star-degli-international-emmy-awards\/","title":{"rendered":"CA\u2019 DI RAJO OMAGGIA LE STAR DEGLI INTERNATIONAL EMMY\u00ae AWARDS"},"content":{"rendered":"<p>La cantina trevigiana Ca\u2019 di Rajo \u00e8 uno dei \u201cgifting sponsor\u201d degli International Emmy Awards, gli \u201cOscar\u201d della televisione. L\u2019azienda guidata dalla famiglia Cecchetto render\u00e0 omaggio ai candidati della 47esima edizione donando a ciascuno di loro una bottiglia di Valdobbiadene Prosecco Superiore Docg Extra Dry.<\/p>\n<p>&nbsp;<\/p>\n<p>Il prestigioso International Emmy\u00ae Awards Gala di New York City vede ogni anno in concorso i principali produttori televisivi di tutto il mondo. Oltre un migliaio di protagonisti del piccolo schermo si riuniscono per celebrare il meglio della televisione globale. Gli International Emmy\u00ae Awards 2019 vedono in gara 44 candidati in 11 categorie e 21 Paesi. I vincitori saranno annunciati durante la cerimonia del prossimo 25 novembre 2019 all&#8217;Hilton New York Hotel.<\/p>\n<p>&nbsp;<\/p>\n<p><em>&lt;&lt; Ca&#8217; di Rajo \u00e8 onorata di essere protagonista degli International Emmy Awards 2019<\/em> &#8211; spiega Simone Cecchetto, il giovane proprietario dell&#8217;azienda, insieme ai fratelli Fabio e Alessio -. <em>Siamo orgogliosi di far parte di questo evento con il nostro Valdobbiadene Prosecco Superiore Docg Extra Dry.\u00a0 Questo importante palcoscenico internazionale sar\u00e0 l\u2019occasione per celebrare questo spumante Made in Italy. Le colline del Prosecco del Conegliano e il Valdobbiadene Prosecco Superiore sono diventate patrimonio mondiale dell&#8217;UNESCO e il nostro Prosecco Superiore Docg Valdobbiadene sar\u00e0 portavoce del nostro territorio in una delle pi\u00f9 importanti cerimonie del mondo della televisione&gt;&gt;.<\/em><\/p>\n<p><em>\u00a0<\/em><\/p>\n<p>Il Valdobbiadene Prosecco Superiore Docg \u00e8 uno dei fiori all\u2019occhiello della produzione Ca\u2019 di Rajo e comprende la versione Extra Dry e Brut.\u00a0 Il DOCG Extra Dry \u2013 premiato con i 95 punti da Decanter &#8211; \u00e8 la versione che esalta al meglio le caratteristiche aromatiche di questa variet\u00e0. Questo spumante \u00e8 frutto di uve coltivate a 300mt sul livello del mare.\u00a0 Dalla potatura alla vendemmia, tutto viene fatto a mano, lungo i ripidi pendii che ricamano di vigneti l\u2019arco collinare che si estende nell&#8217;area di Valdobbiadene e in particolare nella frazione di Guia.<\/p>\n","protected":false},"excerpt":{"rendered":"La cantina trevigiana Ca\u2019 di Rajo \u00e8 uno dei \u201cgifting sponsor\u201d degli International Emmy Awards, gli \u201cOscar\u201d della televisione. L\u2019azienda guidata dalla famiglia Cecchetto render\u00e0 omaggio ai candidati della 47esima edizione donando a ciascuno di loro una bottiglia di Valdobbiadene Prosecco Superiore Docg Extra Dry. &nbsp; Il prestigioso International Emmy\u00ae Awards Gala di New York [&hellip;]","protected":false},"author":3,"featured_media":5828,"comment_status":"closed","ping_status":"closed","sticky":false,"template":"","format":"standard","meta":{"_jetpack_memberships_contains_paid_content":false,"footnotes":"","jetpack_publicize_message":"","jetpack_publicize_feature_enabled":true,"jetpack_social_post_already_shared":false,"jetpack_social_options":{"image_generator_settings":{"template":"highway","enabled":false},"version":2}},"categories":[1061],"tags":[],"class_list":["post-5827","post","type-post","status-publish","format-standard","has-post-thumbnail","hentry","category-1061"],"jetpack_publicize_connections":[],"yoast_head":"<!-- This site is optimized with the Yoast SEO plugin v23.3 - https:\/\/yoast.com\/wordpress\/plugins\/seo\/ -->\n<title>CA\u2019 DI RAJO OMAGGIA LE STAR DEGLI INTERNATIONAL EMMY\u00ae AWARDS | Ca&#039; di Rajo Vini<\/title>\n<meta name=\"robots\" content=\"index, follow, max-snippet:-1, max-image-preview:large, max-video-preview:-1\" \/>\n<link rel=\"canonical\" href=\"https:\/\/www.cadirajo.it\/it\/ca-di-rajo-omaggia-le-star-degli-international-emmy-awards\/\" \/>\n<meta property=\"og:locale\" content=\"it_IT\" \/>\n<meta property=\"og:type\" content=\"article\" \/>\n<meta property=\"og:title\" content=\"CA\u2019 DI RAJO OMAGGIA LE STAR DEGLI INTERNATIONAL EMMY\u00ae AWARDS | Ca&#039; di Rajo Vini\" \/>\n<meta property=\"og:description\" content=\"La cantina trevigiana Ca\u2019 di Rajo \u00e8 uno dei \u201cgifting sponsor\u201d degli International Emmy Awards, gli \u201cOscar\u201d della televisione. L\u2019azienda guidata dalla famiglia Cecchetto render\u00e0 omaggio ai candidati della 47esima edizione donando a ciascuno di loro una bottiglia di Valdobbiadene Prosecco Superiore Docg Extra Dry. &nbsp; Il prestigioso International Emmy\u00ae Awards Gala di New York [&hellip;]\" \/>\n<meta property=\"og:url\" content=\"https:\/\/www.cadirajo.it\/it\/ca-di-rajo-omaggia-le-star-degli-international-emmy-awards\/\" \/>\n<meta property=\"og:site_name\" content=\"Ca&#039; di Rajo Vini\" \/>\n<meta property=\"article:published_time\" content=\"2019-11-20T10:38:45+00:00\" \/>\n<meta property=\"article:modified_time\" content=\"2022-04-23T14:16:49+00:00\" \/>\n<meta property=\"og:image\" content=\"https:\/\/www.cadirajo.it\/wp-content\/uploads\/2019\/11\/red-carpet-draft.png\" \/>\n\t<meta property=\"og:image:width\" content=\"268\" \/>\n\t<meta property=\"og:image:height\" content=\"299\" \/>\n\t<meta property=\"og:image:type\" content=\"image\/png\" \/>\n<meta name=\"author\" content=\"C4d1-R4j0\" \/>\n<meta name=\"twitter:card\" content=\"summary_large_image\" \/>\n<meta name=\"twitter:label1\" content=\"Scritto da\" \/>\n\t<meta name=\"twitter:data1\" content=\"C4d1-R4j0\" \/>\n\t<meta name=\"twitter:label2\" content=\"Tempo di lettura stimato\" \/>\n\t<meta name=\"twitter:data2\" content=\"2 minuti\" \/>\n<script type=\"application\/ld+json\" class=\"yoast-schema-graph\">{\"@context\":\"https:\/\/schema.org\",\"@graph\":[{\"@type\":\"WebPage\",\"@id\":\"https:\/\/www.cadirajo.it\/it\/ca-di-rajo-omaggia-le-star-degli-international-emmy-awards\/\",\"url\":\"https:\/\/www.cadirajo.it\/it\/ca-di-rajo-omaggia-le-star-degli-international-emmy-awards\/\",\"name\":\"CA\u2019 DI RAJO OMAGGIA LE STAR DEGLI INTERNATIONAL EMMY\u00ae AWARDS | Ca&#039; di Rajo Vini\",\"isPartOf\":{\"@id\":\"https:\/\/www.cadirajo.it\/it\/#website\"},\"primaryImageOfPage\":{\"@id\":\"https:\/\/www.cadirajo.it\/it\/ca-di-rajo-omaggia-le-star-degli-international-emmy-awards\/#primaryimage\"},\"image\":{\"@id\":\"https:\/\/www.cadirajo.it\/it\/ca-di-rajo-omaggia-le-star-degli-international-emmy-awards\/#primaryimage\"},\"thumbnailUrl\":\"https:\/\/www.cadirajo.it\/wp-content\/uploads\/2019\/11\/red-carpet-draft.png\",\"datePublished\":\"2019-11-20T10:38:45+00:00\",\"dateModified\":\"2022-04-23T14:16:49+00:00\",\"author\":{\"@id\":\"https:\/\/www.cadirajo.it\/it\/#\/schema\/person\/5ac34e8ecf708d08cbf4496e08058631\"},\"breadcrumb\":{\"@id\":\"https:\/\/www.cadirajo.it\/it\/ca-di-rajo-omaggia-le-star-degli-international-emmy-awards\/#breadcrumb\"},\"inLanguage\":\"it-IT\",\"potentialAction\":[{\"@type\":\"ReadAction\",\"target\":[\"https:\/\/www.cadirajo.it\/it\/ca-di-rajo-omaggia-le-star-degli-international-emmy-awards\/\"]}]},{\"@type\":\"ImageObject\",\"inLanguage\":\"it-IT\",\"@id\":\"https:\/\/www.cadirajo.it\/it\/ca-di-rajo-omaggia-le-star-degli-international-emmy-awards\/#primaryimage\",\"url\":\"https:\/\/www.cadirajo.it\/wp-content\/uploads\/2019\/11\/red-carpet-draft.png\",\"contentUrl\":\"https:\/\/www.cadirajo.it\/wp-content\/uploads\/2019\/11\/red-carpet-draft.png\",\"width\":268,\"height\":299},{\"@type\":\"BreadcrumbList\",\"@id\":\"https:\/\/www.cadirajo.it\/it\/ca-di-rajo-omaggia-le-star-degli-international-emmy-awards\/#breadcrumb\",\"itemListElement\":[{\"@type\":\"ListItem\",\"position\":1,\"name\":\"Home\",\"item\":\"https:\/\/www.cadirajo.it\/it\/\"},{\"@type\":\"ListItem\",\"position\":2,\"name\":\"CA\u2019 DI RAJO OMAGGIA LE STAR DEGLI INTERNATIONAL EMMY\u00ae AWARDS\"}]},{\"@type\":\"WebSite\",\"@id\":\"https:\/\/www.cadirajo.it\/it\/#website\",\"url\":\"https:\/\/www.cadirajo.it\/it\/\",\"name\":\"Ca&#039; di Rajo Vini\",\"description\":\"Raggio d&#039;ingegno\",\"potentialAction\":[{\"@type\":\"SearchAction\",\"target\":{\"@type\":\"EntryPoint\",\"urlTemplate\":\"https:\/\/www.cadirajo.it\/it\/?s={search_term_string}\"},\"query-input\":\"required name=search_term_string\"}],\"inLanguage\":\"it-IT\"},{\"@type\":\"Person\",\"@id\":\"https:\/\/www.cadirajo.it\/it\/#\/schema\/person\/5ac34e8ecf708d08cbf4496e08058631\",\"name\":\"C4d1-R4j0\",\"image\":{\"@type\":\"ImageObject\",\"inLanguage\":\"it-IT\",\"@id\":\"https:\/\/www.cadirajo.it\/it\/#\/schema\/person\/image\/\",\"url\":\"https:\/\/secure.gravatar.com\/avatar\/c8e2bec4abdbef29c2cb0e72fa877d50?s=96&d=mm&r=g\",\"contentUrl\":\"https:\/\/secure.gravatar.com\/avatar\/c8e2bec4abdbef29c2cb0e72fa877d50?s=96&d=mm&r=g\",\"caption\":\"C4d1-R4j0\"},\"url\":\"https:\/\/www.cadirajo.it\/it\/author\/c4d1-r4j0\/\"}]}<\/script>\n<!-- \/ Yoast SEO plugin. -->","yoast_head_json":{"title":"CA\u2019 DI RAJO OMAGGIA LE STAR DEGLI INTERNATIONAL EMMY\u00ae AWARDS | Ca&#039; di Rajo Vini","robots":{"index":"index","follow":"follow","max-snippet":"max-snippet:-1","max-image-preview":"max-image-preview:large","max-video-preview":"max-video-preview:-1"},"canonical":"https:\/\/www.cadirajo.it\/it\/ca-di-rajo-omaggia-le-star-degli-international-emmy-awards\/","og_locale":"it_IT","og_type":"article","og_title":"CA\u2019 DI RAJO OMAGGIA LE STAR DEGLI INTERNATIONAL EMMY\u00ae AWARDS | Ca&#039; di Rajo Vini","og_description":"La cantina trevigiana Ca\u2019 di Rajo \u00e8 uno dei \u201cgifting sponsor\u201d degli International Emmy Awards, gli \u201cOscar\u201d della televisione. L\u2019azienda guidata dalla famiglia Cecchetto render\u00e0 omaggio ai candidati della 47esima edizione donando a ciascuno di loro una bottiglia di Valdobbiadene Prosecco Superiore Docg Extra Dry. &nbsp; Il prestigioso International Emmy\u00ae Awards Gala di New York [&hellip;]","og_url":"https:\/\/www.cadirajo.it\/it\/ca-di-rajo-omaggia-le-star-degli-international-emmy-awards\/","og_site_name":"Ca&#039; di Rajo Vini","article_published_time":"2019-11-20T10:38:45+00:00","article_modified_time":"2022-04-23T14:16:49+00:00","og_image":[{"width":268,"height":299,"url":"https:\/\/www.cadirajo.it\/wp-content\/uploads\/2019\/11\/red-carpet-draft.png","type":"image\/png"}],"author":"C4d1-R4j0","twitter_card":"summary_large_image","twitter_misc":{"Scritto da":"C4d1-R4j0","Tempo di lettura stimato":"2 minuti"},"schema":{"@context":"https:\/\/schema.org","@graph":[{"@type":"WebPage","@id":"https:\/\/www.cadirajo.it\/it\/ca-di-rajo-omaggia-le-star-degli-international-emmy-awards\/","url":"https:\/\/www.cadirajo.it\/it\/ca-di-rajo-omaggia-le-star-degli-international-emmy-awards\/","name":"CA\u2019 DI RAJO OMAGGIA LE STAR DEGLI INTERNATIONAL EMMY\u00ae AWARDS | Ca&#039; di Rajo Vini","isPartOf":{"@id":"https:\/\/www.cadirajo.it\/it\/#website"},"primaryImageOfPage":{"@id":"https:\/\/www.cadirajo.it\/it\/ca-di-rajo-omaggia-le-star-degli-international-emmy-awards\/#primaryimage"},"image":{"@id":"https:\/\/www.cadirajo.it\/it\/ca-di-rajo-omaggia-le-star-degli-international-emmy-awards\/#primaryimage"},"thumbnailUrl":"https:\/\/www.cadirajo.it\/wp-content\/uploads\/2019\/11\/red-carpet-draft.png","datePublished":"2019-11-20T10:38:45+00:00","dateModified":"2022-04-23T14:16:49+00:00","author":{"@id":"https:\/\/www.cadirajo.it\/it\/#\/schema\/person\/5ac34e8ecf708d08cbf4496e08058631"},"breadcrumb":{"@id":"https:\/\/www.cadirajo.it\/it\/ca-di-rajo-omaggia-le-star-degli-international-emmy-awards\/#breadcrumb"},"inLanguage":"it-IT","potentialAction":[{"@type":"ReadAction","target":["https:\/\/www.cadirajo.it\/it\/ca-di-rajo-omaggia-le-star-degli-international-emmy-awards\/"]}]},{"@type":"ImageObject","inLanguage":"it-IT","@id":"https:\/\/www.cadirajo.it\/it\/ca-di-rajo-omaggia-le-star-degli-international-emmy-awards\/#primaryimage","url":"https:\/\/www.cadirajo.it\/wp-content\/uploads\/2019\/11\/red-carpet-draft.png","contentUrl":"https:\/\/www.cadirajo.it\/wp-content\/uploads\/2019\/11\/red-carpet-draft.png","width":268,"height":299},{"@type":"BreadcrumbList","@id":"https:\/\/www.cadirajo.it\/it\/ca-di-rajo-omaggia-le-star-degli-international-emmy-awards\/#breadcrumb","itemListElement":[{"@type":"ListItem","position":1,"name":"Home","item":"https:\/\/www.cadirajo.it\/it\/"},{"@type":"ListItem","position":2,"name":"CA\u2019 DI RAJO OMAGGIA LE STAR DEGLI INTERNATIONAL EMMY\u00ae AWARDS"}]},{"@type":"WebSite","@id":"https:\/\/www.cadirajo.it\/it\/#website","url":"https:\/\/www.cadirajo.it\/it\/","name":"Ca&#039; di Rajo Vini","description":"Raggio d&#039;ingegno","potentialAction":[{"@type":"SearchAction","target":{"@type":"EntryPoint","urlTemplate":"https:\/\/www.cadirajo.it\/it\/?s={search_term_string}"},"query-input":"required name=search_term_string"}],"inLanguage":"it-IT"},{"@type":"Person","@id":"https:\/\/www.cadirajo.it\/it\/#\/schema\/person\/5ac34e8ecf708d08cbf4496e08058631","name":"C4d1-R4j0","image":{"@type":"ImageObject","inLanguage":"it-IT","@id":"https:\/\/www.cadirajo.it\/it\/#\/schema\/person\/image\/","url":"https:\/\/secure.gravatar.com\/avatar\/c8e2bec4abdbef29c2cb0e72fa877d50?s=96&d=mm&r=g","contentUrl":"https:\/\/secure.gravatar.com\/avatar\/c8e2bec4abdbef29c2cb0e72fa877d50?s=96&d=mm&r=g","caption":"C4d1-R4j0"},"url":"https:\/\/www.cadirajo.it\/it\/author\/c4d1-r4j0\/"}]}},"jetpack_sharing_enabled":true,"jetpack_featured_media_url":"https:\/\/www.cadirajo.it\/wp-content\/uploads\/2019\/11\/red-carpet-draft.png","_links":{"self":[{"href":"https:\/\/www.cadirajo.it\/it\/wp-json\/wp\/v2\/posts\/5827"}],"collection":[{"href":"https:\/\/www.cadirajo.it\/it\/wp-json\/wp\/v2\/posts"}],"about":[{"href":"https:\/\/www.cadirajo.it\/it\/wp-json\/wp\/v2\/types\/post"}],"author":[{"embeddable":true,"href":"https:\/\/www.cadirajo.it\/it\/wp-json\/wp\/v2\/users\/3"}],"replies":[{"embeddable":true,"href":"https:\/\/www.cadirajo.it\/it\/wp-json\/wp\/v2\/comments?post=5827"}],"version-history":[{"count":1,"href":"https:\/\/www.cadirajo.it\/it\/wp-json\/wp\/v2\/posts\/5827\/revisions"}],"predecessor-version":[{"id":11140,"href":"https:\/\/www.cadirajo.it\/it\/wp-json\/wp\/v2\/posts\/5827\/revisions\/11140"}],"wp:featuredmedia":[{"embeddable":true,"href":"https:\/\/www.cadirajo.it\/it\/wp-json\/wp\/v2\/media\/5828"}],"wp:attachment":[{"href":"https:\/\/www.cadirajo.it\/it\/wp-json\/wp\/v2\/media?parent=5827"}],"wp:term":[{"taxonomy":"category","embeddable":true,"href":"https:\/\/www.cadirajo.it\/it\/wp-json\/wp\/v2\/categories?post=5827"},{"taxonomy":"post_tag","embeddable":true,"href":"https:\/\/www.cadirajo.it\/it\/wp-json\/wp\/v2\/tags?post=5827"}],"curies":[{"name":"wp","href":"https:\/\/api.w.org\/{rel}","templated":true}]}}